{"id":11719,"global_id":"2tm.eu\/sr\/?id=11719","global_id_lineage":["2tm.eu\/sr\/?id=11719"],"author":"14","status":"publish","date":"2026-04-09 09:38:40","date_utc":"2026-04-09 07:38:40","modified":"2026-04-17 12:35:48","modified_utc":"2026-04-17 10:35:48","url":"https:\/\/2tm.eu\/sr\/event\/sajam-obrazovanje-u-sloveniji-u-nisu\/","rest_url":"https:\/\/2tm.eu\/sr\/wp-json\/tribe\/events\/v1\/events\/11719","title":"Sajam \u201eObrazovanje u Sloveniji\u201c u Ni\u0161u","description":"<p>6. marta 2026. u Ni\u0161u je odr\u017ean sajam \u201eObrazovanje u Sloveniji\u201c, organizovan u saradnji sa slovena\u010dkim obrazovnim institucijama. Doga\u0111aj je bio nastavak serije susreta u Srbiji i okupio je budu\u0107e studente zainteresovane za studiranje u Sloveniji.<\/p>\n<p>U okviru sajma, posetioci su dobili aktuelne informacije o upisu na slovena\u010dke obrazovne institucije. Detaljno su im bili predstavljeni uslovi za upis, mogu\u0107nosti izbora studijskih programa i perspektive koje pru\u017ea studiranje u Sloveniji.<\/p>\n<p>Posebna pa\u017enja posve\u0107ena je izboru smera me\u0111u vi\u0161e od 1500 programa, kao i realnim \u0161ansama za upis na razli\u010dite fakultete. Posetioci su mogli da postave svoja pitanja i dobiju detaljne odgovore od stru\u010dnjaka.<\/p>\n<p>Zahvaljujemo se svima koji su posetili sajam u Ni\u0161u i radujemo se susretu sa vama na nasim narednim doga\u0111ajima!<\/p>","excerpt":"","slug":"sajam-obrazovanje-u-sloveniji-u-nisu","image":{"url":"https:\/\/2tm.eu\/content\/uploads\/2026\/04\/vystavka-sr-2025.png","id":11721,"extension":"png","width":1928,"height":1088,"filesize":3508691,"sizes":{"medium":{"width":300,"height":169,"mime-type":"image\/png","filesize":90693,"url":"https:\/\/2tm.eu\/content\/uploads\/2026\/04\/vystavka-sr-2025-300x169.png"},"large":{"width":1024,"height":578,"mime-type":"image\/png","filesize":902518,"url":"https:\/\/2tm.eu\/content\/uploads\/2026\/04\/vystavka-sr-2025-1024x578.png"},"thumbnail":{"width":150,"height":150,"mime-type":"image\/png","filesize":42266,"url":"https:\/\/2tm.eu\/content\/uploads\/2026\/04\/vystavka-sr-2025-150x150.png"},"medium_large":{"width":768,"height":433,"mime-type":"image\/png","filesize":519569,"url":"https:\/\/2tm.eu\/content\/uploads\/2026\/04\/vystavka-sr-2025-768x433.png"},"1536x1536":{"width":1536,"height":867,"mime-type":"image\/png","filesize":1959418,"url":"https:\/\/2tm.eu\/content\/uploads\/2026\/04\/vystavka-sr-2025-1536x867.png"},"small-thumb":{"width":50,"height":50,"mime-type":"image\/png","filesize":5600,"url":"https:\/\/2tm.eu\/content\/uploads\/2026\/04\/vystavka-sr-2025-50x50.png"},"medium-thumb":{"width":100,"height":100,"mime-type":"image\/png","filesize":20234,"url":"https:\/\/2tm.eu\/content\/uploads\/2026\/04\/vystavka-sr-2025-100x100.png"}}},"all_day":true,"start_date":"2026-03-06 00:00:00","start_date_details":{"year":"2026","month":"03","day":"06","hour":"00","minutes":"00","seconds":"00"},"end_date":"2026-03-06 23:59:59","end_date_details":{"year":"2026","month":"03","day":"06","hour":"23","minutes":"59","seconds":"59"},"utc_start_date":"2026-03-05 23:00:00","utc_start_date_details":{"year":"2026","month":"03","day":"05","hour":"23","minutes":"00","seconds":"00"},"utc_end_date":"2026-03-06 22:59:59","utc_end_date_details":{"year":"2026","month":"03","day":"06","hour":"22","minutes":"59","seconds":"59"},"timezone":"Europe\/Ljubljana","timezone_abbr":"CET","cost":"","cost_details":{"currency_symbol":"\u20ac","currency_code":"EUR","currency_position":"suffix","values":[]},"website":"","show_map":true,"show_map_link":true,"hide_from_listings":false,"sticky":false,"featured":false,"categories":[],"tags":[],"venue":[],"organizer":[],"json_ld":{"@context":"http:\/\/schema.org","@type":"Event","name":"Sajam \u201eObrazovanje u Sloveniji\u201c u Ni\u0161u","description":"&lt;p&gt;6. marta 2026. u Ni\u0161u je odr\u017ean sajam \u201eObrazovanje u Sloveniji\u201c, organizovan u saradnji sa slovena\u010dkim obrazovnim institucijama. Doga\u0111aj je bio nastavak serije susreta u Srbiji i okupio je budu\u0107e [&hellip;]&lt;\/p&gt;\\n","image":"https:\/\/2tm.eu\/content\/uploads\/2026\/04\/vystavka-sr-2025.png","url":"https:\/\/2tm.eu\/sr\/event\/sajam-obrazovanje-u-sloveniji-u-nisu\/","eventAttendanceMode":"https:\/\/schema.org\/OfflineEventAttendanceMode","eventStatus":"https:\/\/schema.org\/EventScheduled","startDate":"2026-03-06T00:00:00+01:00","endDate":"2026-03-06T23:59:59+01:00","performer":"Organization"}}